{"id":3836,"date":"2019-09-05T19:36:35","date_gmt":"2019-09-05T17:36:35","guid":{"rendered":"http:\/\/www.citizenscienceclub.com\/?p=3836"},"modified":"2021-06-05T18:54:28","modified_gmt":"2021-06-05T16:54:28","slug":"entrevista-a-cristina-naya","status":"publish","type":"post","link":"http:\/\/www.citizenscienceclub.com\/es_es\/entrevista-a-cristina-naya\/","title":{"rendered":"Entrevista a Cristina Naya"},"content":{"rendered":"\n<p>Este a\u00f1o como representantes de la Universidad de A Coru\u00f1a (UDC), contaremos con la presencia de UDCBigBang, el CICA y de Robobo Project en la Divulga..<\/p>\n\n\n\n<p>Adem\u00e1s, tambi\u00e9n por parte de la UDC, hoy hemos tenido el placer de entrevistar a Cristina Naya, la coordinadora de divulgaci\u00f3n cient\u00edfica de la UDC. Que nos ha dado a conocer m\u00e1s informaci\u00f3n y detalles sobre la propia divulgaci\u00f3n cient\u00edfica.<\/p>\n\n\n\n<p>Aqu\u00ed os dejamos la entrevista:<br><\/p>\n\n\n\n<ul><li><strong>Me gustar\u00eda empezar la entrevista desde cero pregunt\u00e1ndote, \u00bfCu\u00e1ndo surgi\u00f3 la divulgaci\u00f3n cient\u00edfica, es algo muy reciente? y tambi\u00e9n que es para ti la divulgaci\u00f3n cient\u00edfica.<\/strong><\/li><\/ul>\n\n\n\n<p><em>Yo creo que la divulgaci\u00f3n cient\u00edfica nace al mismo tiempo que nace la ciencia realmente, porque todo lo que son avances cient\u00edficos se tienen que publicar o divulgar. Para saber qu\u00e9 se ha avanzado, qu\u00e9 no se ha avanzado, qu\u00e9 hay, qu\u00e9 no hay, y para que todo se comparta. Pero yo creo que cuando se di\u00f3 mucha importancia a lo que es la divulgaci\u00f3n cient\u00edfica fue sobre los a\u00f1os 80, que fue su surgimiento. Es ah\u00ed cuando la gente y la sociedad en s\u00ed se mentalizo de que era importante dar a conocer y hacer divulgaci\u00f3n sobre la ciencia y tecnolog\u00eda. Que para m\u00ed es un poco como universarla, en el sentido de que es necesario divulgar.&nbsp;<\/em><\/p>\n\n\n\n<p><em>Pero divulgar \u00bfqu\u00e9 es?, \u00bfllegar a entender a la gente de a pie lo que se hace a nivel cient\u00edfico y tecnol\u00f3gico?, si, y algo m\u00e1s. Es tambi\u00e9n que el cient\u00edfico sepa o est\u00e9 al orden del d\u00eda de lo que se hace en su \u00e1mbito o en lo que se le pueda afectar, creo que tiene que ir en paralelo el nivel del cient\u00edfico con el nivel de la sociedad. Para m\u00ed creo que esa es la divulgaci\u00f3n, un poco que t\u00fa sepas transmitir tu conocimiento y al mismo tiempo estar t\u00fa al orden del d\u00eda de saber qu\u00e9 hay y aplicar ese conocimiento en otros \u00e1mbitos que dependen de ese conocimiento.&nbsp;<\/em><br><\/p>\n\n\n\n<ul><li><strong>\u00bfActualmente es algo m\u00e1s conocida?<\/strong><\/li><\/ul>\n\n\n\n<p><em>S\u00ed, hay m\u00e1s visibilidad dado a los medios de comunicaci\u00f3n. Pero creo que siempre hubo mucha gente que desde siempre la tuvo muy presente, quiz\u00e1s ahora se hace m\u00e1s hincapi\u00e9, porque desde las propias universidades y desde la propia Europa est\u00e1 intentando hacer esa transmisi\u00f3n de conocimiento a la sociedad, porque se ve que es importante.&nbsp;<\/em><\/p>\n\n\n\n<p><\/p>\n\n\n\n<ul><li><strong>Y bueno para continuar me gustar\u00eda preguntarte sobre la situaci\u00f3n actual. \u00bfC\u00f3mo ves el panorama divulgativo hoy por hoy?\u00bf Cu\u00e1les son las principales tendencias?\u00bfC\u00f3mo se suele transmitir?\u00bfC\u00f3mo es el nivel divulgativo?<\/strong><\/li><\/ul>\n\n\n\n<p><em>Bueno no sabr\u00eda decirte como estamos a nivel europeo porque no tengo datos. Pero desde mi comunidad y del entorno que yo conozco, yo creo que la sociedad en s\u00ed a\u00fan hoy en d\u00eda, en Espa\u00f1a y en Galicia, creo que es poco demandante en ese sentido. Es decir, hay poca gente que demande o por lo menos que est\u00e9 al tanto de las noticias cient\u00edficas.&nbsp;<\/em><\/p>\n\n\n\n<p><em>Pero tambi\u00e9n por otro lado, creo que hay gente muy importante a nivel gallego y a nivel espa\u00f1ol que hace una tarea de divulgaci\u00f3n cient\u00edfica muy buena. Hay programas de radio, de televisi\u00f3n a nivel local y a nivel estatal, que considero que son importantes y que hacen un&nbsp; papel muy importante y hay gente muy buena. Y digamos ya no s\u00f3lo en televisi\u00f3n sino tambi\u00e9n a nivel radio, el programa de Efervesciencia de Radio Galega, creo que es un programa muy importante y muy bueno. Luego despu\u00e9s tambi\u00e9n tenemos divulgadores a nivel gallego y espa\u00f1ol como puede ser Deborah Bello que tiene un blog muy interesante y libros muy interesantes. Quiero decir que hay granitos de arena que poco a poco van haciendo un gran mont\u00f3n. Hay gente que hace muchas cosas y yo considero que eso tambi\u00e9n es muy importante, y cualquiera que lo busque lo encuentra. Creo que todo el mundo que quiera y si le interesa puede tener cualquier tipo de medio para llegar a la divulgaci\u00f3n.<\/em><br><\/p>\n\n\n\n<ul><li><strong>\u00bfComo ha sido la evoluci\u00f3n del nivel divulgativo en Espa\u00f1a?<\/strong><\/li><\/ul>\n\n\n\n<p><em>Yo creo que en la \u00faltima d\u00e9cada, Espa\u00f1a en t\u00e9rminos de divulgaci\u00f3n cient\u00edfica creo que ha avanzado mucho. A ver, no te puedo decir con respecto a otros pa\u00edses porque no tengo esa comparativa. Pero yo creo que tambi\u00e9n es un poco un d\u00e9ficit, en el sentido de c\u00f3mo estaba la educaci\u00f3n. Porque nosotros tenemos un sistema educativo que est\u00e1 a lo mejor muy enfocado a contenidos te\u00f3ricos poco pr\u00e1cticos. Cosa que a lo mejor si nos ponemos en comparaci\u00f3n con el sistema estadounidense, ellos son m\u00e1s pr\u00e1cticos a la hora de estudiar, y la pr\u00e1ctica es muy importante a la hora de hacer el curr\u00edculum educativo. Entonces, con lo cual creo que con eso juegan con cierta ventaja pero no sabr\u00eda decirte as\u00ed a nivel general. Yo creo que todo se puede mejorar siempre, pero bueno creo que en estos \u00faltimos 10 a\u00f1os tuvimos bastantes avances en ese sentido.<\/em><br><\/p>\n\n\n\n<ul><li><strong>Dejando el panorama general, hablemos sobre la UDC \u00bfC\u00f3mo act\u00faa la UDC respecto a la divulgaci\u00f3n?<\/strong><\/li><\/ul>\n\n\n\n<p><em>Bueno la universidad en s\u00ed, est\u00e1 apostando por que se haga o se intente mejorar el tema de la divulgaci\u00f3n cient\u00edfica a nivel de la comunidad universitaria. Pero bueno siempre hubo muchos docentes investigadores que a nivel personal han hecho much\u00edsima divulgaci\u00f3n, han trabajado a la par que sus tareas de investigaci\u00f3n y de docencia.&nbsp;<\/em><\/p>\n\n\n\n<p><em>Hay que mejorar mucho, eso lo sabemos, pero bueno todo lleva un esfuerzo, hay mucha gente que tiene miedo o no se ve quiz\u00e1s con habilidades. Pero vamos a intentar mejorar y dar cabida a que todo el que est\u00e9 dispuesto tenga las herramientas para favorecer o ayudar a que se atreva a hacer divulgaci\u00f3n. Yo creo que a eso hay que ayudar, y que la universidad en ese aspecto est\u00e1 haciendo cosas que cada vez pueden ayudar a mejorar esa posici\u00f3n.<\/em><br><\/p>\n\n\n\n<ul><li><strong>Y bueno ahora mismo la universidad en cuanto a divulgaci\u00f3n, \u00bfQu\u00e9 proyectos tiene en marcha?\u00bf Y de qu\u00e9 manera ayudas t\u00fa como coordinadora de divulgaci\u00f3n a esos proyectos?<\/strong><\/li><\/ul>\n\n\n\n<p><em>Desde la coordinaci\u00f3n de la unidad de divulgaci\u00f3n cient\u00edfica de la universidad, lo que estamos intentando hacer es fomentar la transferencia de conocimiento que se est\u00e1 desarrollando, generalmente siempre a la par con diferentes grupos de investigaci\u00f3n de nuestro personal docente e investigador. Y por ejemplo, este \u00faltimo mes que a\u00fan no se ha cerrado, hemos lanzado una convocatoria para trabajar en colaboraci\u00f3n con los museos cient\u00edficos para hacer materiales museogr\u00e1ficos que creo que pueden ser interesantes. A partir de peque\u00f1os prototipos o de ideas que pueden estar trabajando diferentes grupos de investigaci\u00f3n y poder darlas a conocer a la sociedad que nos rodea.<\/em><\/p>\n\n\n\n<p><em>Y creo que estamos desaprovechando esa oportunidad de dar a conocer qu\u00e9 estamos haciendo la comunidad universitaria, que a veces parece que tenemos miedo a exponer que estamos trabajando y yo creo que es un error y que bueno estamos intentando mejorar.&nbsp;<\/em><\/p>\n\n\n\n<p><em>En cuanto a proyectos, hay asociaciones estudiantiles que hacen divulgaci\u00f3n como UDC Ciencia, hay incorporaciones de grupos de docentes que hacen tambi\u00e9n divulgaci\u00f3n como es Ciencia UDC, hay personas como Manuel Herrador que colaboran y trabajan con radio, prensa\u2026 Decir un proyecto en s\u00ed de todos los \u00e1mbitos es dif\u00edcil porque hay muchos y no conozco a todos al cien por cien, son ellas las personas m\u00e1s adecuadas para explicarlo. Adem\u00e1s se puede consultar que tenemos muchas actividades de divulgaci\u00f3n cient\u00edfica.<\/em><br><\/p>\n\n\n\n<ul><li><strong>M\u00e1s de cara a ti, \u00bfC\u00f3mo es tu trabajo como coordinadora de divulgaci\u00f3n?<\/strong><\/li><\/ul>\n\n\n\n<p><em>Bueno pues es un trabajo de gesti\u00f3n realmente, pero bueno que tambi\u00e9n te da oportunidad de conocer que se est\u00e1 haciendo en este \u00e1mbito y conocer a compa\u00f1eros. Poder ayudar, colaborar y coordinar actividades y que todos tengamos un nexo en com\u00fan o de referencia que es la unidad para que podamos difundir eventos, coordinarlos, intentar mejorar el tema de la divulgaci\u00f3n en la universidad en s\u00ed.&nbsp;<\/em><br><\/p>\n\n\n\n<ul><li><strong>\u00bfT\u00fa haces algo m\u00e1s, a parte de tu trabajo como coordinadora?<\/strong><\/li><\/ul>\n\n\n\n<p><em>Si. A mayores no hay que olvidar que todos al igual que la mayor\u00eda tenemos nuestro trabajo de docente y nuestras labores de investigaci\u00f3n.&nbsp;<\/em><\/p>\n\n\n\n<p><em>Y bueno yo en mi caso en temas de investigaci\u00f3n me dedico a la matem\u00e1tica aplicada, que trabajo con un grupo de investigaci\u00f3n de la Universidad de Santiago. Despu\u00e9s en el \u00e1mbito de la educaci\u00f3n estoy muy implicada en el \u00e1mbito de la did\u00e1ctica de las matem\u00e1ticas. Tambi\u00e9n colaboro con una asociaci\u00f3n de progresos de la educaci\u00f3n matem\u00e1tica, que hacemos muchas actividades y ferias importantes en la ciudad. Como es la feria matem\u00e1tica que realizamos en conmemoraci\u00f3n del d\u00eda de las matem\u00e1ticas escolares que es el 12 de mayo.&nbsp;<\/em><br><\/p>\n\n\n\n<ul><li><strong>Tambi\u00e9n nos gustar\u00eda saber c\u00faal es tu opini\u00f3n sobre la OSC, b\u00e1sicamente \u00bfC\u00f3mo ves la Open Science Cambre en el panorama divulgativo?<\/strong>&nbsp;<\/li><\/ul>\n\n\n\n<p><em>Tengo que decirte que realmente no os conoc\u00eda antes, digamos que me puso en conocimiento de la actividad que hac\u00e9is Salvador, el vicerrector de investigaci\u00f3n. Y bueno considero que es una labor muy importante y creo que es una forma muy atractiva de hacer divulgaci\u00f3n y de implicar a la gente de vuestro entorno y de que os vengan a ver.&nbsp;<\/em><\/p>\n\n\n\n<p><em>Bueno creo que es de poner un punto en el mapa a Cambre en temas cient\u00edficos muy bueno, yo considero que es algo que no deb\u00e9is de dejar de hacer y adem\u00e1s que tanta gente joven forme parte de la organizaci\u00f3n es muy importante. Aunque parezca que no la gente joven con el \u00e1mbito de que tipo de m\u00fasica les gusta parece que bueno no est\u00e1n con la ciencia, pero quiero decir es importante ver que estas cosas os interesan y que bueno este tipo de eventos son importantes y se deber\u00edan desarrollar muchas m\u00e1s veces al a\u00f1o y participar mucha m\u00e1s gente. Es una labor que hac\u00e9is de forma totalmente altruista y en vuestras edades ese tipo de preocupaci\u00f3n es importante.&nbsp;<\/em><\/p>\n\n\n\n<p><em>Con lo cual lo est\u00e1is haciendo bien, osea que mi m\u00e1s sincera enhorabuena y animaros a que sigais as\u00ed.<\/em><br><\/p>\n\n\n\n<ul><li><strong>Y ya para finalizar con la entrevista, \u00bfC\u00f3mo ves el futuro de la divulgaci\u00f3n cient\u00edfica?<\/strong><\/li><\/ul>\n\n\n\n<p><em>Bueno yo suelo ser una persona muy optimista, con lo cual yo creo que esto va a mejorar mucho. Y adem\u00e1s hoy en d\u00eda cada vez se le est\u00e1 dando m\u00e1s importancia, vemos que la gente se mueve. Y tal y como est\u00e1 la sociedad, todos estos problemas medio ambientales que tenemos, bueno creo que va a ser necesario. Yo creo que tanto a panorama nacional como internacional, la divulgaci\u00f3n va a ser importante y cada vez va a ser mayor y creo que cada vez m\u00e1s la gente se va a concienciar y va a estar m\u00e1s atenta a este tipo de cuestiones.&nbsp; <\/em><br><\/p>\n","protected":false},"excerpt":{"rendered":"<p>Este a\u00f1o como representantes de la Universidad de A Coru\u00f1a (UDC), contaremos con la presencia de UDCBigBang, el CICA y de Robobo Project en la Divulga.. Adem\u00e1s, tambi\u00e9n por parte de la UDC, hoy hemos tenido el placer de entrevistar a Cristina Naya, la coordinadora de divulgaci\u00f3n cient\u00edfica de la UDC. Que nos ha dado &hellip; <a href=\"http:\/\/www.citizenscienceclub.com\/es_es\/entrevista-a-cristina-naya\/\" class=\"more-link\">Continuar leyendo<span class=\"screen-reader-text\"> &#8220;Entrevista a Cristina Naya&#8221;<\/span><\/a><\/p>\n","protected":false},"author":4,"featured_media":3837,"comment_status":"open","ping_status":"open","sticky":false,"template":"","format":"standard","meta":[],"categories":[92,1],"tags":[],"_links":{"self":[{"href":"http:\/\/www.citizenscienceclub.com\/es_es\/wp-json\/wp\/v2\/posts\/3836"}],"collection":[{"href":"http:\/\/www.citizenscienceclub.com\/es_es\/wp-json\/wp\/v2\/posts"}],"about":[{"href":"http:\/\/www.citizenscienceclub.com\/es_es\/wp-json\/wp\/v2\/types\/post"}],"author":[{"embeddable":true,"href":"http:\/\/www.citizenscienceclub.com\/es_es\/wp-json\/wp\/v2\/users\/4"}],"replies":[{"embeddable":true,"href":"http:\/\/www.citizenscienceclub.com\/es_es\/wp-json\/wp\/v2\/comments?post=3836"}],"version-history":[{"count":5,"href":"http:\/\/www.citizenscienceclub.com\/es_es\/wp-json\/wp\/v2\/posts\/3836\/revisions"}],"predecessor-version":[{"id":4508,"href":"http:\/\/www.citizenscienceclub.com\/es_es\/wp-json\/wp\/v2\/posts\/3836\/revisions\/4508"}],"wp:featuredmedia":[{"embeddable":true,"href":"http:\/\/www.citizenscienceclub.com\/es_es\/wp-json\/wp\/v2\/media\/3837"}],"wp:attachment":[{"href":"http:\/\/www.citizenscienceclub.com\/es_es\/wp-json\/wp\/v2\/media?parent=3836"}],"wp:term":[{"taxonomy":"category","embeddable":true,"href":"http:\/\/www.citizenscienceclub.com\/es_es\/wp-json\/wp\/v2\/categories?post=3836"},{"taxonomy":"post_tag","embeddable":true,"href":"http:\/\/www.citizenscienceclub.com\/es_es\/wp-json\/wp\/v2\/tags?post=3836"}],"curies":[{"name":"wp","href":"https:\/\/api.w.org\/{rel}","templated":true}]}}